{"id":5704,"date":"2019-06-17T11:00:01","date_gmt":"2019-06-17T09:00:01","guid":{"rendered":"https:\/\/www.creixemambtu.vivelloc.cat\/?p=5704"},"modified":"2019-09-24T14:37:52","modified_gmt":"2019-09-24T14:37:52","slug":"hem-estat-adjudicataris-del-concurs-de-manteniment-extern-dels-espais-de-lleure-del-parc-natural-de-la-serra-de-collserola","status":"publish","type":"post","link":"https:\/\/vivelloc.cat\/ca\/noticies\/hem-estat-adjudicataris-del-concurs-de-manteniment-extern-dels-espais-de-lleure-del-parc-natural-de-la-serra-de-collserola\/","title":{"rendered":"Hem estat adjudicataris del concurs de manteniment extern dels espais de lleure del Parc Natural de la Serra de  Collserola"},"content":{"rendered":"<p><img loading=\"lazy\" decoding=\"async\" class=\"aligncenter size-full wp-image-5705\" src=\"https:\/\/www.creixemambtu.vivelloc.cat\/wp-content\/uploads\/2019\/06\/Collserola.jpg\" alt=\"\" width=\"940\" height=\"788\" \/><\/p>\n<p style=\"text-align: justify;\">Aquest servei consisteix en\u00a0 la pres\u00e8ncia d\u2019un equip format per un oficial jardiner i dos auxiliars equipats amb totes les eines necess\u00e0ries per poder desenvolupar les taques que des de la direcci\u00f3 del parc ens demanen en els seus diferents \u00e0mbits geogr\u00e0fics.<\/p>\n<p style=\"text-align: justify;\">Es tracta de feines tant diverses com: desbrossar, netejar i retirar escorrenties de saul\u00f3 dels paviments granulars, esporga d\u2019arbustiva i arbrat en mal estat o que molesta als usuaris, regs de suport o neteja paviments bruts.<\/p>\n","protected":false},"excerpt":{"rendered":"<p>Aquest servei consisteix en\u00a0 la pres\u00e8ncia d\u2019un equip format per un oficial jardiner i dos auxiliars equipats amb totes les eines necess\u00e0ries per poder desenvolupar les taques que des de [&hellip;]<\/p>\n","protected":false},"author":1,"featured_media":0,"comment_status":"open","ping_status":"open","sticky":false,"template":"","format":"standard","meta":{"_acf_changed":false,"footnotes":""},"categories":[1],"tags":[9],"class_list":["post-5704","post","type-post","status-publish","format-standard","hentry","category-noticies","tag-histories-del-viver"],"acf":[],"yoast_head":"<!-- This site is optimized with the Yoast SEO plugin v23.0 - https:\/\/yoast.com\/wordpress\/plugins\/seo\/ -->\n<title>Hem estat adjudicataris del concurs de manteniment extern dels espais de lleure del Parc Natural de la Serra de Collserola - Viver de Bell Lloc<\/title>\n<meta name=\"robots\" content=\"index, follow, max-snippet:-1, max-image-preview:large, max-video-preview:-1\" \/>\n<link rel=\"canonical\" href=\"https:\/\/vivelloc.cat\/ca\/noticies\/hem-estat-adjudicataris-del-concurs-de-manteniment-extern-dels-espais-de-lleure-del-parc-natural-de-la-serra-de-collserola\/\" \/>\n<meta property=\"og:locale\" content=\"ca_ES\" \/>\n<meta property=\"og:type\" content=\"article\" \/>\n<meta property=\"og:title\" content=\"Hem estat adjudicataris del concurs de manteniment extern dels espais de lleure del Parc Natural de la Serra de Collserola - Viver de Bell Lloc\" \/>\n<meta property=\"og:description\" content=\"Aquest servei consisteix en\u00a0 la pres\u00e8ncia d\u2019un equip format per un oficial jardiner i dos auxiliars equipats amb totes les eines necess\u00e0ries per poder desenvolupar les taques que des de [&hellip;]\" \/>\n<meta property=\"og:url\" content=\"https:\/\/vivelloc.cat\/ca\/noticies\/hem-estat-adjudicataris-del-concurs-de-manteniment-extern-dels-espais-de-lleure-del-parc-natural-de-la-serra-de-collserola\/\" \/>\n<meta property=\"og:site_name\" content=\"Viver de Bell Lloc\" \/>\n<meta property=\"article:published_time\" content=\"2019-06-17T09:00:01+00:00\" \/>\n<meta property=\"article:modified_time\" content=\"2019-09-24T14:37:52+00:00\" \/>\n<meta property=\"og:image\" content=\"https:\/\/www.creixemambtu.vivelloc.cat\/wp-content\/uploads\/2019\/06\/Collserola.jpg\" \/>\n<meta name=\"author\" content=\"artesans\" \/>\n<meta name=\"twitter:card\" content=\"summary_large_image\" \/>\n<meta name=\"twitter:label1\" content=\"Escrit per\" \/>\n\t<meta name=\"twitter:data1\" content=\"artesans\" \/>\n<script type=\"application\/ld+json\" class=\"yoast-schema-graph\">{\"@context\":\"https:\/\/schema.org\",\"@graph\":[{\"@type\":\"WebPage\",\"@id\":\"https:\/\/vivelloc.cat\/noticies\/hem-estat-adjudicataris-del-concurs-de-manteniment-extern-dels-espais-de-lleure-del-parc-natural-de-la-serra-de-collserola\/\",\"url\":\"https:\/\/vivelloc.cat\/noticies\/hem-estat-adjudicataris-del-concurs-de-manteniment-extern-dels-espais-de-lleure-del-parc-natural-de-la-serra-de-collserola\/\",\"name\":\"Hem estat adjudicataris del concurs de manteniment extern dels espais de lleure del Parc Natural de la Serra de Collserola - Viver de Bell Lloc\",\"isPartOf\":{\"@id\":\"https:\/\/vivelloc.cat\/es\/#website\"},\"primaryImageOfPage\":{\"@id\":\"https:\/\/vivelloc.cat\/noticies\/hem-estat-adjudicataris-del-concurs-de-manteniment-extern-dels-espais-de-lleure-del-parc-natural-de-la-serra-de-collserola\/#primaryimage\"},\"image\":{\"@id\":\"https:\/\/vivelloc.cat\/noticies\/hem-estat-adjudicataris-del-concurs-de-manteniment-extern-dels-espais-de-lleure-del-parc-natural-de-la-serra-de-collserola\/#primaryimage\"},\"thumbnailUrl\":\"https:\/\/www.creixemambtu.vivelloc.cat\/wp-content\/uploads\/2019\/06\/Collserola.jpg\",\"datePublished\":\"2019-06-17T09:00:01+00:00\",\"dateModified\":\"2019-09-24T14:37:52+00:00\",\"author\":{\"@id\":\"https:\/\/vivelloc.cat\/es\/#\/schema\/person\/ee2a98e7c65fadfcad36ec6f9074818a\"},\"breadcrumb\":{\"@id\":\"https:\/\/vivelloc.cat\/noticies\/hem-estat-adjudicataris-del-concurs-de-manteniment-extern-dels-espais-de-lleure-del-parc-natural-de-la-serra-de-collserola\/#breadcrumb\"},\"inLanguage\":\"ca\",\"potentialAction\":[{\"@type\":\"ReadAction\",\"target\":[\"https:\/\/vivelloc.cat\/noticies\/hem-estat-adjudicataris-del-concurs-de-manteniment-extern-dels-espais-de-lleure-del-parc-natural-de-la-serra-de-collserola\/\"]}]},{\"@type\":\"ImageObject\",\"inLanguage\":\"ca\",\"@id\":\"https:\/\/vivelloc.cat\/noticies\/hem-estat-adjudicataris-del-concurs-de-manteniment-extern-dels-espais-de-lleure-del-parc-natural-de-la-serra-de-collserola\/#primaryimage\",\"url\":\"https:\/\/www.creixemambtu.vivelloc.cat\/wp-content\/uploads\/2019\/06\/Collserola.jpg\",\"contentUrl\":\"https:\/\/www.creixemambtu.vivelloc.cat\/wp-content\/uploads\/2019\/06\/Collserola.jpg\"},{\"@type\":\"BreadcrumbList\",\"@id\":\"https:\/\/vivelloc.cat\/noticies\/hem-estat-adjudicataris-del-concurs-de-manteniment-extern-dels-espais-de-lleure-del-parc-natural-de-la-serra-de-collserola\/#breadcrumb\",\"itemListElement\":[{\"@type\":\"ListItem\",\"position\":1,\"name\":\"Inici\",\"item\":\"https:\/\/vivelloc.cat\/\"},{\"@type\":\"ListItem\",\"position\":2,\"name\":\"Hem estat adjudicataris del concurs de manteniment extern dels espais de lleure del Parc Natural de la Serra de Collserola\"}]},{\"@type\":\"WebSite\",\"@id\":\"https:\/\/vivelloc.cat\/es\/#website\",\"url\":\"https:\/\/vivelloc.cat\/es\/\",\"name\":\"Viver de Bell Lloc\",\"description\":\"Promovem el creixement personal de persones amb disCapacitat i TSM sever\",\"potentialAction\":[{\"@type\":\"SearchAction\",\"target\":{\"@type\":\"EntryPoint\",\"urlTemplate\":\"https:\/\/vivelloc.cat\/es\/?s={search_term_string}\"},\"query-input\":\"required name=search_term_string\"}],\"inLanguage\":\"ca\"},{\"@type\":\"Person\",\"@id\":\"https:\/\/vivelloc.cat\/es\/#\/schema\/person\/ee2a98e7c65fadfcad36ec6f9074818a\",\"name\":\"artesans\",\"image\":{\"@type\":\"ImageObject\",\"inLanguage\":\"ca\",\"@id\":\"https:\/\/vivelloc.cat\/es\/#\/schema\/person\/image\/\",\"url\":\"https:\/\/secure.gravatar.com\/avatar\/23825d8a0bdc40988d759818699b0fb8?s=96&d=mm&r=g\",\"contentUrl\":\"https:\/\/secure.gravatar.com\/avatar\/23825d8a0bdc40988d759818699b0fb8?s=96&d=mm&r=g\",\"caption\":\"artesans\"},\"url\":\"https:\/\/vivelloc.cat\/ca\/author\/artesans\/\"}]}<\/script>\n<!-- \/ Yoast SEO plugin. -->","yoast_head_json":{"title":"Hem estat adjudicataris del concurs de manteniment extern dels espais de lleure del Parc Natural de la Serra de Collserola - Viver de Bell Lloc","robots":{"index":"index","follow":"follow","max-snippet":"max-snippet:-1","max-image-preview":"max-image-preview:large","max-video-preview":"max-video-preview:-1"},"canonical":"https:\/\/vivelloc.cat\/ca\/noticies\/hem-estat-adjudicataris-del-concurs-de-manteniment-extern-dels-espais-de-lleure-del-parc-natural-de-la-serra-de-collserola\/","og_locale":"ca_ES","og_type":"article","og_title":"Hem estat adjudicataris del concurs de manteniment extern dels espais de lleure del Parc Natural de la Serra de Collserola - Viver de Bell Lloc","og_description":"Aquest servei consisteix en\u00a0 la pres\u00e8ncia d\u2019un equip format per un oficial jardiner i dos auxiliars equipats amb totes les eines necess\u00e0ries per poder desenvolupar les taques que des de [&hellip;]","og_url":"https:\/\/vivelloc.cat\/ca\/noticies\/hem-estat-adjudicataris-del-concurs-de-manteniment-extern-dels-espais-de-lleure-del-parc-natural-de-la-serra-de-collserola\/","og_site_name":"Viver de Bell Lloc","article_published_time":"2019-06-17T09:00:01+00:00","article_modified_time":"2019-09-24T14:37:52+00:00","og_image":[{"url":"https:\/\/www.creixemambtu.vivelloc.cat\/wp-content\/uploads\/2019\/06\/Collserola.jpg"}],"author":"artesans","twitter_card":"summary_large_image","twitter_misc":{"Escrit per":"artesans"},"schema":{"@context":"https:\/\/schema.org","@graph":[{"@type":"WebPage","@id":"https:\/\/vivelloc.cat\/noticies\/hem-estat-adjudicataris-del-concurs-de-manteniment-extern-dels-espais-de-lleure-del-parc-natural-de-la-serra-de-collserola\/","url":"https:\/\/vivelloc.cat\/noticies\/hem-estat-adjudicataris-del-concurs-de-manteniment-extern-dels-espais-de-lleure-del-parc-natural-de-la-serra-de-collserola\/","name":"Hem estat adjudicataris del concurs de manteniment extern dels espais de lleure del Parc Natural de la Serra de Collserola - Viver de Bell Lloc","isPartOf":{"@id":"https:\/\/vivelloc.cat\/es\/#website"},"primaryImageOfPage":{"@id":"https:\/\/vivelloc.cat\/noticies\/hem-estat-adjudicataris-del-concurs-de-manteniment-extern-dels-espais-de-lleure-del-parc-natural-de-la-serra-de-collserola\/#primaryimage"},"image":{"@id":"https:\/\/vivelloc.cat\/noticies\/hem-estat-adjudicataris-del-concurs-de-manteniment-extern-dels-espais-de-lleure-del-parc-natural-de-la-serra-de-collserola\/#primaryimage"},"thumbnailUrl":"https:\/\/www.creixemambtu.vivelloc.cat\/wp-content\/uploads\/2019\/06\/Collserola.jpg","datePublished":"2019-06-17T09:00:01+00:00","dateModified":"2019-09-24T14:37:52+00:00","author":{"@id":"https:\/\/vivelloc.cat\/es\/#\/schema\/person\/ee2a98e7c65fadfcad36ec6f9074818a"},"breadcrumb":{"@id":"https:\/\/vivelloc.cat\/noticies\/hem-estat-adjudicataris-del-concurs-de-manteniment-extern-dels-espais-de-lleure-del-parc-natural-de-la-serra-de-collserola\/#breadcrumb"},"inLanguage":"ca","potentialAction":[{"@type":"ReadAction","target":["https:\/\/vivelloc.cat\/noticies\/hem-estat-adjudicataris-del-concurs-de-manteniment-extern-dels-espais-de-lleure-del-parc-natural-de-la-serra-de-collserola\/"]}]},{"@type":"ImageObject","inLanguage":"ca","@id":"https:\/\/vivelloc.cat\/noticies\/hem-estat-adjudicataris-del-concurs-de-manteniment-extern-dels-espais-de-lleure-del-parc-natural-de-la-serra-de-collserola\/#primaryimage","url":"https:\/\/www.creixemambtu.vivelloc.cat\/wp-content\/uploads\/2019\/06\/Collserola.jpg","contentUrl":"https:\/\/www.creixemambtu.vivelloc.cat\/wp-content\/uploads\/2019\/06\/Collserola.jpg"},{"@type":"BreadcrumbList","@id":"https:\/\/vivelloc.cat\/noticies\/hem-estat-adjudicataris-del-concurs-de-manteniment-extern-dels-espais-de-lleure-del-parc-natural-de-la-serra-de-collserola\/#breadcrumb","itemListElement":[{"@type":"ListItem","position":1,"name":"Inici","item":"https:\/\/vivelloc.cat\/"},{"@type":"ListItem","position":2,"name":"Hem estat adjudicataris del concurs de manteniment extern dels espais de lleure del Parc Natural de la Serra de Collserola"}]},{"@type":"WebSite","@id":"https:\/\/vivelloc.cat\/es\/#website","url":"https:\/\/vivelloc.cat\/es\/","name":"Viver de Bell Lloc","description":"Promovem el creixement personal de persones amb disCapacitat i TSM sever","potentialAction":[{"@type":"SearchAction","target":{"@type":"EntryPoint","urlTemplate":"https:\/\/vivelloc.cat\/es\/?s={search_term_string}"},"query-input":"required name=search_term_string"}],"inLanguage":"ca"},{"@type":"Person","@id":"https:\/\/vivelloc.cat\/es\/#\/schema\/person\/ee2a98e7c65fadfcad36ec6f9074818a","name":"artesans","image":{"@type":"ImageObject","inLanguage":"ca","@id":"https:\/\/vivelloc.cat\/es\/#\/schema\/person\/image\/","url":"https:\/\/secure.gravatar.com\/avatar\/23825d8a0bdc40988d759818699b0fb8?s=96&d=mm&r=g","contentUrl":"https:\/\/secure.gravatar.com\/avatar\/23825d8a0bdc40988d759818699b0fb8?s=96&d=mm&r=g","caption":"artesans"},"url":"https:\/\/vivelloc.cat\/ca\/author\/artesans\/"}]}},"_links":{"self":[{"href":"https:\/\/vivelloc.cat\/ca\/wp-json\/wp\/v2\/posts\/5704","targetHints":{"allow":["GET"]}}],"collection":[{"href":"https:\/\/vivelloc.cat\/ca\/wp-json\/wp\/v2\/posts"}],"about":[{"href":"https:\/\/vivelloc.cat\/ca\/wp-json\/wp\/v2\/types\/post"}],"author":[{"embeddable":true,"href":"https:\/\/vivelloc.cat\/ca\/wp-json\/wp\/v2\/users\/1"}],"replies":[{"embeddable":true,"href":"https:\/\/vivelloc.cat\/ca\/wp-json\/wp\/v2\/comments?post=5704"}],"version-history":[{"count":1,"href":"https:\/\/vivelloc.cat\/ca\/wp-json\/wp\/v2\/posts\/5704\/revisions"}],"predecessor-version":[{"id":5779,"href":"https:\/\/vivelloc.cat\/ca\/wp-json\/wp\/v2\/posts\/5704\/revisions\/5779"}],"wp:attachment":[{"href":"https:\/\/vivelloc.cat\/ca\/wp-json\/wp\/v2\/media?parent=5704"}],"wp:term":[{"taxonomy":"category","embeddable":true,"href":"https:\/\/vivelloc.cat\/ca\/wp-json\/wp\/v2\/categories?post=5704"},{"taxonomy":"post_tag","embeddable":true,"href":"https:\/\/vivelloc.cat\/ca\/wp-json\/wp\/v2\/tags?post=5704"}],"curies":[{"name":"wp","href":"https:\/\/api.w.org\/{rel}","templated":true}]}}