{"id":5629,"date":"2019-05-10T10:00:00","date_gmt":"2019-05-10T08:00:00","guid":{"rendered":"https:\/\/www.creixemambtu.vivelloc.cat\/?p=5629"},"modified":"2019-09-24T14:35:33","modified_gmt":"2019-09-24T14:35:33","slug":"amb-el-servei-dinsercio-i-orientacio-laboral-saps-que-sempre-pots-trucar-a-algu-i-aixo-ho-han-de-tenir-en-compte-les-empreses-contractants-josep-teixido-responsable-de-xocala-empr","status":"publish","type":"post","link":"https:\/\/vivelloc.cat\/ca\/noticies\/amb-el-servei-dinsercio-i-orientacio-laboral-saps-que-sempre-pots-trucar-a-algu-i-aixo-ho-han-de-tenir-en-compte-les-empreses-contractants-josep-teixido-responsable-de-xocala-empr\/","title":{"rendered":"Amb el Servei d\u2019Inserci\u00f3 i Orientaci\u00f3 Laboral saps que sempre pots trucar a alg\u00fa i aix\u00f2 ho han de tenir en compte les empreses contractants \u2013 Josep Teixid\u00f3, responsable de X\u00f3cala, empresa social d\u2019Hi Som"},"content":{"rendered":"<p><img loading=\"lazy\" decoding=\"async\" class=\"aligncenter size-large wp-image-5630\" src=\"https:\/\/www.creixemambtu.vivelloc.cat\/wp-content\/uploads\/2019\/04\/Josep-X\u00f3cala-1024x768.jpg\" alt=\"\" width=\"1024\" height=\"768\" \/><\/p>\n<p style=\"text-align: justify;\">X\u00f3cala \u00e9s l\u2019empresa d\u2019economia social d\u2019Hi Som, que est\u00e0 centrada en la creaci\u00f3, desenvolupament i producci\u00f3 de productes de xocolata creatius, sorprenents i que, alhora, ajuda a normalitzar la vida laboral de les persones, independentment de les seves capacitats.<\/p>\n<p style=\"text-align: justify;\">En Josep Teixid\u00f3, responsable de l\u2019empresa i un dels creadors de l\u2019entitat, ens explica en aquesta entrevista la seva experi\u00e8ncia treballant amb la Maria Entrena, participant del nostre Servei d\u2019Inserci\u00f3 i Orientaci\u00f3 Laboral (SIOAS), la seva opini\u00f3 sobre el servei, els projectes en que ha treballat conjuntament amb el Viver i la import\u00e0ncia del treball en xarxa amb altres entitats del sector.<\/p>\n<ul style=\"text-align: justify;\">\n<li><strong>Quant temps ha estat treballant la Maria amb tu?<\/strong> Mig any aproximadament.<\/li>\n<li><strong>Creus que va evolucionar des de que va comen\u00e7ar fins que va finalitzar la seva feina a X\u00f3cala?<\/strong> S\u00ed que ha evolucionat, en l\u2019\u00e0mbit emocional ha aconseguit tenir confian\u00e7a i s\u2019ha sabut desenvolupar en un entorn desconegut per a ella i en l\u2019\u00e0mbit laboral, ha adquirit habilitats, ha evolucionat b\u00e9 i ha fet un aprenentatge que li ser\u00e0 molt profit\u00f3s per al sector.<\/li>\n<li><strong>Tu qu\u00e8 has apr\u00e9s de la Maria?<\/strong> A respectar els ritmes de treball, a fer servir millor les xarxes socials i el correu electr\u00f2nic, vocabulari d\u2019angl\u00e8s, de fet ella m\u2019ha ajudat amb clients que parlaven aquest idioma.<\/li>\n<li><strong>En qu\u00e8 us ha ajudat el SIOAS a la Maria i a tu mentre ella va estar treballant aqu\u00ed?<\/strong> El suport del servei \u00e9s fonamental en dos nivells:<br \/>\nPer a la persona que treballa, ja que els professionals fan un acompanyament psicol\u00f2gic i donen molt suport.<br \/>\nPer a l\u2019empresari, a qui li ensenyen a com portar a aquesta persona i a con\u00e8ixer-la.<br \/>\nDe fet, aquest servei \u00e9s tan important perqu\u00e8 ajuda a suplir les car\u00e8ncies que pot tenir una persona amb dificultats. Saps que sempre pots trucar a alg\u00fa i aix\u00f2 ho han de tenir en compte les empreses contractants. Es preocupen molt per com et va i poden dedicar-te el temps que requereixis.<\/li>\n<li><strong>En quins projectes has treballat conjuntament amb el Viver de Bell-lloc? <\/strong>El m\u00e9s destacat \u00e9s el taller de lleure que fem els divendres, en que participen unes 10 persones. Encara que tamb\u00e9 treballem conjuntament en altres, com: les pr\u00e0ctiques i contractaci\u00f3 de participants del SIOAS, i a les fires de Nadal, de Sant Jordi i de Sant Isidre sempre estem l\u2019un al costat de l\u2019altre. He de dir que em reuneixo sovint amb el vostre Gerent, en Carlos Sope\u00f1a, per intercanviar impressions.<\/li>\n<li><strong>Amb quines altres entitats del territori col\u00b7labores? Qu\u00e8 creus que aporta fer xarxa amb altres entitats del sector?<\/strong> Una de les feines m\u00e9s importants que hem fet \u00e9s treballar en xarxa amb altres entitats de la comarca i la prov\u00edncia, com: Viver de Bell-lloc, Afadis Baix Montseny, Apadis les Franqueses, Apindep Ron\u00e7ana i Ordi Natura. I tamb\u00e9 col\u00b7laborem amb altres entitats de Catalunya, amb qui formem el grup cooperatiu Cr\u00e9ixer, que t\u00e9 com a finalitat crear lots socials de Nadal, aquestes entitats s\u00f3n: Fundaci\u00f3 Map, Fundaci\u00f3 Sant Tom\u00e0s, Fundaci\u00f3 Privada Astres, Fundaci\u00f3 Ramon Noguera, Ampans, Olivera Cooperativa, Fundaci\u00f3 Badalona Capa\u00e7, Ilersis, Associaci\u00f3 Alba, Ordi Natura, Fundaci\u00f3 Mas Alborn\u00e0, Associaci\u00f3 Talma i Aprodisca.<br \/>\nProperament farem un treball de manipulats amb vosaltres per a aquests lots de Nadal socials.<br \/>\nCrec que fer xarxa amb altres entitats \u00e9s fonamental, de fet, la nova economia no consisteix en competir, sin\u00f3 en col\u00b7laborar i fer sin\u00e8rgies per promoure la inclusi\u00f3 de les persones amb discapacitat.<\/li>\n<\/ul>\n<p>&nbsp;<\/p>\n<p>&nbsp;<\/p>\n<p>&nbsp;<\/p>\n<p>&nbsp;<\/p>\n","protected":false},"excerpt":{"rendered":"<p>X\u00f3cala \u00e9s l\u2019empresa d\u2019economia social d\u2019Hi Som, que est\u00e0 centrada en la creaci\u00f3, desenvolupament i producci\u00f3 de productes de xocolata creatius, sorprenents i que, alhora, ajuda a normalitzar la vida [&hellip;]<\/p>\n","protected":false},"author":1,"featured_media":0,"comment_status":"open","ping_status":"open","sticky":false,"template":"","format":"standard","meta":{"_acf_changed":false,"footnotes":""},"categories":[1],"tags":[9],"class_list":["post-5629","post","type-post","status-publish","format-standard","hentry","category-noticies","tag-histories-del-viver"],"acf":[],"yoast_head":"<!-- This site is optimized with the Yoast SEO plugin v23.0 - https:\/\/yoast.com\/wordpress\/plugins\/seo\/ -->\n<title>Amb el Servei d\u2019Inserci\u00f3 i Orientaci\u00f3 Laboral saps que sempre pots trucar a alg\u00fa i aix\u00f2 ho han de tenir en compte les empreses contractants \u2013 Josep Teixid\u00f3, responsable de X\u00f3cala, empresa social d\u2019Hi Som - Viver de Bell Lloc<\/title>\n<meta name=\"robots\" content=\"index, follow, max-snippet:-1, max-image-preview:large, max-video-preview:-1\" \/>\n<link rel=\"canonical\" href=\"https:\/\/vivelloc.cat\/ca\/noticies\/amb-el-servei-dinsercio-i-orientacio-laboral-saps-que-sempre-pots-trucar-a-algu-i-aixo-ho-han-de-tenir-en-compte-les-empreses-contractants-josep-teixido-responsable-de-xocala-empr\/\" \/>\n<meta property=\"og:locale\" content=\"ca_ES\" \/>\n<meta property=\"og:type\" content=\"article\" \/>\n<meta property=\"og:title\" content=\"Amb el Servei d\u2019Inserci\u00f3 i Orientaci\u00f3 Laboral saps que sempre pots trucar a alg\u00fa i aix\u00f2 ho han de tenir en compte les empreses contractants \u2013 Josep Teixid\u00f3, responsable de X\u00f3cala, empresa social d\u2019Hi Som - Viver de Bell Lloc\" \/>\n<meta property=\"og:description\" content=\"X\u00f3cala \u00e9s l\u2019empresa d\u2019economia social d\u2019Hi Som, que est\u00e0 centrada en la creaci\u00f3, desenvolupament i producci\u00f3 de productes de xocolata creatius, sorprenents i que, alhora, ajuda a normalitzar la vida [&hellip;]\" \/>\n<meta property=\"og:url\" content=\"https:\/\/vivelloc.cat\/ca\/noticies\/amb-el-servei-dinsercio-i-orientacio-laboral-saps-que-sempre-pots-trucar-a-algu-i-aixo-ho-han-de-tenir-en-compte-les-empreses-contractants-josep-teixido-responsable-de-xocala-empr\/\" \/>\n<meta property=\"og:site_name\" content=\"Viver de Bell Lloc\" \/>\n<meta property=\"article:published_time\" content=\"2019-05-10T08:00:00+00:00\" \/>\n<meta property=\"article:modified_time\" content=\"2019-09-24T14:35:33+00:00\" \/>\n<meta name=\"author\" content=\"artesans\" \/>\n<meta name=\"twitter:card\" content=\"summary_large_image\" \/>\n<meta name=\"twitter:label1\" content=\"Escrit per\" \/>\n\t<meta name=\"twitter:data1\" content=\"artesans\" \/>\n\t<meta name=\"twitter:label2\" content=\"Temps estimat de lectura\" \/>\n\t<meta name=\"twitter:data2\" content=\"3 minuts\" \/>\n<script type=\"application\/ld+json\" class=\"yoast-schema-graph\">{\"@context\":\"https:\/\/schema.org\",\"@graph\":[{\"@type\":\"WebPage\",\"@id\":\"https:\/\/vivelloc.cat\/es\/noticies\/amb-el-servei-dinsercio-i-orientacio-laboral-saps-que-sempre-pots-trucar-a-algu-i-aixo-ho-han-de-tenir-en-compte-les-empreses-contractants-josep-teixido-responsable-de-xocala-empr\/\",\"url\":\"https:\/\/vivelloc.cat\/es\/noticies\/amb-el-servei-dinsercio-i-orientacio-laboral-saps-que-sempre-pots-trucar-a-algu-i-aixo-ho-han-de-tenir-en-compte-les-empreses-contractants-josep-teixido-responsable-de-xocala-empr\/\",\"name\":\"Amb el Servei d\u2019Inserci\u00f3 i Orientaci\u00f3 Laboral saps que sempre pots trucar a alg\u00fa i aix\u00f2 ho han de tenir en compte les empreses contractants \u2013 Josep Teixid\u00f3, responsable de X\u00f3cala, empresa social d\u2019Hi Som - Viver de Bell Lloc\",\"isPartOf\":{\"@id\":\"https:\/\/vivelloc.cat\/es\/#website\"},\"datePublished\":\"2019-05-10T08:00:00+00:00\",\"dateModified\":\"2019-09-24T14:35:33+00:00\",\"author\":{\"@id\":\"https:\/\/vivelloc.cat\/es\/#\/schema\/person\/ee2a98e7c65fadfcad36ec6f9074818a\"},\"breadcrumb\":{\"@id\":\"https:\/\/vivelloc.cat\/es\/noticies\/amb-el-servei-dinsercio-i-orientacio-laboral-saps-que-sempre-pots-trucar-a-algu-i-aixo-ho-han-de-tenir-en-compte-les-empreses-contractants-josep-teixido-responsable-de-xocala-empr\/#breadcrumb\"},\"inLanguage\":\"ca\",\"potentialAction\":[{\"@type\":\"ReadAction\",\"target\":[\"https:\/\/vivelloc.cat\/es\/noticies\/amb-el-servei-dinsercio-i-orientacio-laboral-saps-que-sempre-pots-trucar-a-algu-i-aixo-ho-han-de-tenir-en-compte-les-empreses-contractants-josep-teixido-responsable-de-xocala-empr\/\"]}]},{\"@type\":\"BreadcrumbList\",\"@id\":\"https:\/\/vivelloc.cat\/es\/noticies\/amb-el-servei-dinsercio-i-orientacio-laboral-saps-que-sempre-pots-trucar-a-algu-i-aixo-ho-han-de-tenir-en-compte-les-empreses-contractants-josep-teixido-responsable-de-xocala-empr\/#breadcrumb\",\"itemListElement\":[{\"@type\":\"ListItem\",\"position\":1,\"name\":\"Inici\",\"item\":\"https:\/\/vivelloc.cat\/\"},{\"@type\":\"ListItem\",\"position\":2,\"name\":\"Amb el Servei d\u2019Inserci\u00f3 i Orientaci\u00f3 Laboral saps que sempre pots trucar a alg\u00fa i aix\u00f2 ho han de tenir en compte les empreses contractants \u2013 Josep Teixid\u00f3, responsable de X\u00f3cala, empresa social d\u2019Hi Som\"}]},{\"@type\":\"WebSite\",\"@id\":\"https:\/\/vivelloc.cat\/es\/#website\",\"url\":\"https:\/\/vivelloc.cat\/es\/\",\"name\":\"Viver de Bell Lloc\",\"description\":\"Promovem el creixement personal de persones amb disCapacitat i TSM sever\",\"potentialAction\":[{\"@type\":\"SearchAction\",\"target\":{\"@type\":\"EntryPoint\",\"urlTemplate\":\"https:\/\/vivelloc.cat\/es\/?s={search_term_string}\"},\"query-input\":\"required name=search_term_string\"}],\"inLanguage\":\"ca\"},{\"@type\":\"Person\",\"@id\":\"https:\/\/vivelloc.cat\/es\/#\/schema\/person\/ee2a98e7c65fadfcad36ec6f9074818a\",\"name\":\"artesans\",\"image\":{\"@type\":\"ImageObject\",\"inLanguage\":\"ca\",\"@id\":\"https:\/\/vivelloc.cat\/es\/#\/schema\/person\/image\/\",\"url\":\"https:\/\/secure.gravatar.com\/avatar\/23825d8a0bdc40988d759818699b0fb8?s=96&d=mm&r=g\",\"contentUrl\":\"https:\/\/secure.gravatar.com\/avatar\/23825d8a0bdc40988d759818699b0fb8?s=96&d=mm&r=g\",\"caption\":\"artesans\"},\"url\":\"https:\/\/vivelloc.cat\/ca\/author\/artesans\/\"}]}<\/script>\n<!-- \/ Yoast SEO plugin. -->","yoast_head_json":{"title":"Amb el Servei d\u2019Inserci\u00f3 i Orientaci\u00f3 Laboral saps que sempre pots trucar a alg\u00fa i aix\u00f2 ho han de tenir en compte les empreses contractants \u2013 Josep Teixid\u00f3, responsable de X\u00f3cala, empresa social d\u2019Hi Som - Viver de Bell Lloc","robots":{"index":"index","follow":"follow","max-snippet":"max-snippet:-1","max-image-preview":"max-image-preview:large","max-video-preview":"max-video-preview:-1"},"canonical":"https:\/\/vivelloc.cat\/ca\/noticies\/amb-el-servei-dinsercio-i-orientacio-laboral-saps-que-sempre-pots-trucar-a-algu-i-aixo-ho-han-de-tenir-en-compte-les-empreses-contractants-josep-teixido-responsable-de-xocala-empr\/","og_locale":"ca_ES","og_type":"article","og_title":"Amb el Servei d\u2019Inserci\u00f3 i Orientaci\u00f3 Laboral saps que sempre pots trucar a alg\u00fa i aix\u00f2 ho han de tenir en compte les empreses contractants \u2013 Josep Teixid\u00f3, responsable de X\u00f3cala, empresa social d\u2019Hi Som - Viver de Bell Lloc","og_description":"X\u00f3cala \u00e9s l\u2019empresa d\u2019economia social d\u2019Hi Som, que est\u00e0 centrada en la creaci\u00f3, desenvolupament i producci\u00f3 de productes de xocolata creatius, sorprenents i que, alhora, ajuda a normalitzar la vida [&hellip;]","og_url":"https:\/\/vivelloc.cat\/ca\/noticies\/amb-el-servei-dinsercio-i-orientacio-laboral-saps-que-sempre-pots-trucar-a-algu-i-aixo-ho-han-de-tenir-en-compte-les-empreses-contractants-josep-teixido-responsable-de-xocala-empr\/","og_site_name":"Viver de Bell Lloc","article_published_time":"2019-05-10T08:00:00+00:00","article_modified_time":"2019-09-24T14:35:33+00:00","author":"artesans","twitter_card":"summary_large_image","twitter_misc":{"Escrit per":"artesans","Temps estimat de lectura":"3 minuts"},"schema":{"@context":"https:\/\/schema.org","@graph":[{"@type":"WebPage","@id":"https:\/\/vivelloc.cat\/es\/noticies\/amb-el-servei-dinsercio-i-orientacio-laboral-saps-que-sempre-pots-trucar-a-algu-i-aixo-ho-han-de-tenir-en-compte-les-empreses-contractants-josep-teixido-responsable-de-xocala-empr\/","url":"https:\/\/vivelloc.cat\/es\/noticies\/amb-el-servei-dinsercio-i-orientacio-laboral-saps-que-sempre-pots-trucar-a-algu-i-aixo-ho-han-de-tenir-en-compte-les-empreses-contractants-josep-teixido-responsable-de-xocala-empr\/","name":"Amb el Servei d\u2019Inserci\u00f3 i Orientaci\u00f3 Laboral saps que sempre pots trucar a alg\u00fa i aix\u00f2 ho han de tenir en compte les empreses contractants \u2013 Josep Teixid\u00f3, responsable de X\u00f3cala, empresa social d\u2019Hi Som - Viver de Bell Lloc","isPartOf":{"@id":"https:\/\/vivelloc.cat\/es\/#website"},"datePublished":"2019-05-10T08:00:00+00:00","dateModified":"2019-09-24T14:35:33+00:00","author":{"@id":"https:\/\/vivelloc.cat\/es\/#\/schema\/person\/ee2a98e7c65fadfcad36ec6f9074818a"},"breadcrumb":{"@id":"https:\/\/vivelloc.cat\/es\/noticies\/amb-el-servei-dinsercio-i-orientacio-laboral-saps-que-sempre-pots-trucar-a-algu-i-aixo-ho-han-de-tenir-en-compte-les-empreses-contractants-josep-teixido-responsable-de-xocala-empr\/#breadcrumb"},"inLanguage":"ca","potentialAction":[{"@type":"ReadAction","target":["https:\/\/vivelloc.cat\/es\/noticies\/amb-el-servei-dinsercio-i-orientacio-laboral-saps-que-sempre-pots-trucar-a-algu-i-aixo-ho-han-de-tenir-en-compte-les-empreses-contractants-josep-teixido-responsable-de-xocala-empr\/"]}]},{"@type":"BreadcrumbList","@id":"https:\/\/vivelloc.cat\/es\/noticies\/amb-el-servei-dinsercio-i-orientacio-laboral-saps-que-sempre-pots-trucar-a-algu-i-aixo-ho-han-de-tenir-en-compte-les-empreses-contractants-josep-teixido-responsable-de-xocala-empr\/#breadcrumb","itemListElement":[{"@type":"ListItem","position":1,"name":"Inici","item":"https:\/\/vivelloc.cat\/"},{"@type":"ListItem","position":2,"name":"Amb el Servei d\u2019Inserci\u00f3 i Orientaci\u00f3 Laboral saps que sempre pots trucar a alg\u00fa i aix\u00f2 ho han de tenir en compte les empreses contractants \u2013 Josep Teixid\u00f3, responsable de X\u00f3cala, empresa social d\u2019Hi Som"}]},{"@type":"WebSite","@id":"https:\/\/vivelloc.cat\/es\/#website","url":"https:\/\/vivelloc.cat\/es\/","name":"Viver de Bell Lloc","description":"Promovem el creixement personal de persones amb disCapacitat i TSM sever","potentialAction":[{"@type":"SearchAction","target":{"@type":"EntryPoint","urlTemplate":"https:\/\/vivelloc.cat\/es\/?s={search_term_string}"},"query-input":"required name=search_term_string"}],"inLanguage":"ca"},{"@type":"Person","@id":"https:\/\/vivelloc.cat\/es\/#\/schema\/person\/ee2a98e7c65fadfcad36ec6f9074818a","name":"artesans","image":{"@type":"ImageObject","inLanguage":"ca","@id":"https:\/\/vivelloc.cat\/es\/#\/schema\/person\/image\/","url":"https:\/\/secure.gravatar.com\/avatar\/23825d8a0bdc40988d759818699b0fb8?s=96&d=mm&r=g","contentUrl":"https:\/\/secure.gravatar.com\/avatar\/23825d8a0bdc40988d759818699b0fb8?s=96&d=mm&r=g","caption":"artesans"},"url":"https:\/\/vivelloc.cat\/ca\/author\/artesans\/"}]}},"_links":{"self":[{"href":"https:\/\/vivelloc.cat\/ca\/wp-json\/wp\/v2\/posts\/5629","targetHints":{"allow":["GET"]}}],"collection":[{"href":"https:\/\/vivelloc.cat\/ca\/wp-json\/wp\/v2\/posts"}],"about":[{"href":"https:\/\/vivelloc.cat\/ca\/wp-json\/wp\/v2\/types\/post"}],"author":[{"embeddable":true,"href":"https:\/\/vivelloc.cat\/ca\/wp-json\/wp\/v2\/users\/1"}],"replies":[{"embeddable":true,"href":"https:\/\/vivelloc.cat\/ca\/wp-json\/wp\/v2\/comments?post=5629"}],"version-history":[{"count":1,"href":"https:\/\/vivelloc.cat\/ca\/wp-json\/wp\/v2\/posts\/5629\/revisions"}],"predecessor-version":[{"id":5792,"href":"https:\/\/vivelloc.cat\/ca\/wp-json\/wp\/v2\/posts\/5629\/revisions\/5792"}],"wp:attachment":[{"href":"https:\/\/vivelloc.cat\/ca\/wp-json\/wp\/v2\/media?parent=5629"}],"wp:term":[{"taxonomy":"category","embeddable":true,"href":"https:\/\/vivelloc.cat\/ca\/wp-json\/wp\/v2\/categories?post=5629"},{"taxonomy":"post_tag","embeddable":true,"href":"https:\/\/vivelloc.cat\/ca\/wp-json\/wp\/v2\/tags?post=5629"}],"curies":[{"name":"wp","href":"https:\/\/api.w.org\/{rel}","templated":true}]}}