{"id":5223,"date":"2018-09-12T10:00:22","date_gmt":"2018-09-12T08:00:22","guid":{"rendered":"https:\/\/www.creixemambtu.vivelloc.cat\/?p=5223"},"modified":"2018-09-12T10:00:22","modified_gmt":"2018-09-12T08:00:22","slug":"voleu-saber-els-resultats-aconseguits-pel-nostre-servei-dinsercio-i-orientacio-laboral-durant-el-programa-2017-consulteu-los","status":"publish","type":"post","link":"https:\/\/vivelloc.cat\/ca\/noticies\/voleu-saber-els-resultats-aconseguits-pel-nostre-servei-dinsercio-i-orientacio-laboral-durant-el-programa-2017-consulteu-los\/","title":{"rendered":"Voleu saber els resultats aconseguits pel nostre Servei d\u2019Inserci\u00f3 i Orientaci\u00f3 Laboral durant el programa 2017? Consulteu-los"},"content":{"rendered":"<p><img loading=\"lazy\" decoding=\"async\" class=\"aligncenter size-large wp-image-5224\" src=\"https:\/\/www.creixemambtu.vivelloc.cat\/wp-content\/uploads\/2018\/09\/SIOAS-1024x683.jpg\" alt=\"\" width=\"1024\" height=\"683\" \/><\/p>\n<p style=\"text-align: justify;\">El nostre Servei d\u2019Inserci\u00f3 i Orientaci\u00f3 Laboral es va iniciar el setembre de l\u2019any 2017 i durant el programa del mateix any es van atendre 14 persones, van participar 10, de les quals un 40 % va realitzar pr\u00e0ctiques professionals no laborals, un 50 % s\u2019ha inserit a l\u2019empresa convencional i un 20 % continuar\u00e0 en el programa 2018 en la modalitat de treball en suport. Tot aix\u00f2 ha estat possible gr\u00e0cies a la feina que han realitzat els professionals del servei, tant amb les persones com amb les empreses participants.<\/p>\n<p style=\"text-align: justify;\">En concret, s\u2019ha contactat amb 75 empreses i s\u2019han realitzat diverses accions en el territori per fomentar el treball en xarxa, entre les que destaquen: participaci\u00f3 en el Speed Dating Professional de l\u2019Ajuntament de Llinars del Vall\u00e8s, organitzaci\u00f3 d\u2019una xerrada per empreses amb la col\u00b7laboraci\u00f3 del CSETC de Cardedeu i realitzaci\u00f3 d\u2019una xerrada per als EAPs de la comarca coordinada per l\u2019EAP de Sant Celoni. Tanmateix, s\u2019ha fet difusi\u00f3 del programa a trav\u00e9s del departament de comunicaci\u00f3 i als diferents serveis del territori que atenen el col\u00b7lectiu de persones amb disCapacitat intel\u00b7lectual i\/o trastorn mental sever (CSMA, EAP, Serveis Locals d\u2019Ocupaci\u00f3, OTL, Servei de Rehabilitaci\u00f3 Prelaboral, Servei de Rehabilitaci\u00f3 Comunit\u00e0ria, Serveis Socials, etc.)<\/p>\n","protected":false},"excerpt":{"rendered":"<p>El nostre Servei d\u2019Inserci\u00f3 i Orientaci\u00f3 Laboral es va iniciar el setembre de l\u2019any 2017 i durant el programa del mateix any es van atendre 14 persones, van participar 10, [&hellip;]<\/p>\n","protected":false},"author":2,"featured_media":0,"comment_status":"open","ping_status":"open","sticky":false,"template":"","format":"standard","meta":{"_acf_changed":false,"footnotes":""},"categories":[1],"tags":[],"class_list":["post-5223","post","type-post","status-publish","format-standard","hentry","category-noticies"],"acf":[],"yoast_head":"<!-- This site is optimized with the Yoast SEO plugin v23.0 - https:\/\/yoast.com\/wordpress\/plugins\/seo\/ -->\n<title>Voleu saber els resultats aconseguits pel nostre Servei d\u2019Inserci\u00f3 i Orientaci\u00f3 Laboral durant el programa 2017? Consulteu-los - Viver de Bell Lloc<\/title>\n<meta name=\"robots\" content=\"index, follow, max-snippet:-1, max-image-preview:large, max-video-preview:-1\" \/>\n<link rel=\"canonical\" href=\"https:\/\/vivelloc.cat\/ca\/noticies\/voleu-saber-els-resultats-aconseguits-pel-nostre-servei-dinsercio-i-orientacio-laboral-durant-el-programa-2017-consulteu-los\/\" \/>\n<meta property=\"og:locale\" content=\"ca_ES\" \/>\n<meta property=\"og:type\" content=\"article\" \/>\n<meta property=\"og:title\" content=\"Voleu saber els resultats aconseguits pel nostre Servei d\u2019Inserci\u00f3 i Orientaci\u00f3 Laboral durant el programa 2017? Consulteu-los - Viver de Bell Lloc\" \/>\n<meta property=\"og:description\" content=\"El nostre Servei d\u2019Inserci\u00f3 i Orientaci\u00f3 Laboral es va iniciar el setembre de l\u2019any 2017 i durant el programa del mateix any es van atendre 14 persones, van participar 10, [&hellip;]\" \/>\n<meta property=\"og:url\" content=\"https:\/\/vivelloc.cat\/ca\/noticies\/voleu-saber-els-resultats-aconseguits-pel-nostre-servei-dinsercio-i-orientacio-laboral-durant-el-programa-2017-consulteu-los\/\" \/>\n<meta property=\"og:site_name\" content=\"Viver de Bell Lloc\" \/>\n<meta property=\"article:published_time\" content=\"2018-09-12T08:00:22+00:00\" \/>\n<meta property=\"og:image\" content=\"https:\/\/www.creixemambtu.vivelloc.cat\/wp-content\/uploads\/2018\/09\/SIOAS-1024x683.jpg\" \/>\n<meta name=\"author\" content=\"Viver Bell-lloc\" \/>\n<meta name=\"twitter:card\" content=\"summary_large_image\" \/>\n<meta name=\"twitter:label1\" content=\"Escrit per\" \/>\n\t<meta name=\"twitter:data1\" content=\"Viver Bell-lloc\" \/>\n\t<meta name=\"twitter:label2\" content=\"Temps estimat de lectura\" \/>\n\t<meta name=\"twitter:data2\" content=\"1 minut\" \/>\n<script type=\"application\/ld+json\" class=\"yoast-schema-graph\">{\"@context\":\"https:\/\/schema.org\",\"@graph\":[{\"@type\":\"WebPage\",\"@id\":\"https:\/\/vivelloc.cat\/noticies\/voleu-saber-els-resultats-aconseguits-pel-nostre-servei-dinsercio-i-orientacio-laboral-durant-el-programa-2017-consulteu-los\/\",\"url\":\"https:\/\/vivelloc.cat\/noticies\/voleu-saber-els-resultats-aconseguits-pel-nostre-servei-dinsercio-i-orientacio-laboral-durant-el-programa-2017-consulteu-los\/\",\"name\":\"Voleu saber els resultats aconseguits pel nostre Servei d\u2019Inserci\u00f3 i Orientaci\u00f3 Laboral durant el programa 2017? Consulteu-los - Viver de Bell Lloc\",\"isPartOf\":{\"@id\":\"https:\/\/vivelloc.cat\/es\/#website\"},\"primaryImageOfPage\":{\"@id\":\"https:\/\/vivelloc.cat\/noticies\/voleu-saber-els-resultats-aconseguits-pel-nostre-servei-dinsercio-i-orientacio-laboral-durant-el-programa-2017-consulteu-los\/#primaryimage\"},\"image\":{\"@id\":\"https:\/\/vivelloc.cat\/noticies\/voleu-saber-els-resultats-aconseguits-pel-nostre-servei-dinsercio-i-orientacio-laboral-durant-el-programa-2017-consulteu-los\/#primaryimage\"},\"thumbnailUrl\":\"https:\/\/www.creixemambtu.vivelloc.cat\/wp-content\/uploads\/2018\/09\/SIOAS-1024x683.jpg\",\"datePublished\":\"2018-09-12T08:00:22+00:00\",\"dateModified\":\"2018-09-12T08:00:22+00:00\",\"author\":{\"@id\":\"https:\/\/vivelloc.cat\/es\/#\/schema\/person\/ce3eb90b54f77ed9f35e063fff2b7c0c\"},\"breadcrumb\":{\"@id\":\"https:\/\/vivelloc.cat\/noticies\/voleu-saber-els-resultats-aconseguits-pel-nostre-servei-dinsercio-i-orientacio-laboral-durant-el-programa-2017-consulteu-los\/#breadcrumb\"},\"inLanguage\":\"ca\",\"potentialAction\":[{\"@type\":\"ReadAction\",\"target\":[\"https:\/\/vivelloc.cat\/noticies\/voleu-saber-els-resultats-aconseguits-pel-nostre-servei-dinsercio-i-orientacio-laboral-durant-el-programa-2017-consulteu-los\/\"]}]},{\"@type\":\"ImageObject\",\"inLanguage\":\"ca\",\"@id\":\"https:\/\/vivelloc.cat\/noticies\/voleu-saber-els-resultats-aconseguits-pel-nostre-servei-dinsercio-i-orientacio-laboral-durant-el-programa-2017-consulteu-los\/#primaryimage\",\"url\":\"https:\/\/www.creixemambtu.vivelloc.cat\/wp-content\/uploads\/2018\/09\/SIOAS-1024x683.jpg\",\"contentUrl\":\"https:\/\/www.creixemambtu.vivelloc.cat\/wp-content\/uploads\/2018\/09\/SIOAS-1024x683.jpg\"},{\"@type\":\"BreadcrumbList\",\"@id\":\"https:\/\/vivelloc.cat\/noticies\/voleu-saber-els-resultats-aconseguits-pel-nostre-servei-dinsercio-i-orientacio-laboral-durant-el-programa-2017-consulteu-los\/#breadcrumb\",\"itemListElement\":[{\"@type\":\"ListItem\",\"position\":1,\"name\":\"Inici\",\"item\":\"https:\/\/vivelloc.cat\/\"},{\"@type\":\"ListItem\",\"position\":2,\"name\":\"Voleu saber els resultats aconseguits pel nostre Servei d\u2019Inserci\u00f3 i Orientaci\u00f3 Laboral durant el programa 2017? Consulteu-los\"}]},{\"@type\":\"WebSite\",\"@id\":\"https:\/\/vivelloc.cat\/es\/#website\",\"url\":\"https:\/\/vivelloc.cat\/es\/\",\"name\":\"Viver de Bell Lloc\",\"description\":\"Promovem el creixement personal de persones amb disCapacitat i TSM sever\",\"potentialAction\":[{\"@type\":\"SearchAction\",\"target\":{\"@type\":\"EntryPoint\",\"urlTemplate\":\"https:\/\/vivelloc.cat\/es\/?s={search_term_string}\"},\"query-input\":\"required name=search_term_string\"}],\"inLanguage\":\"ca\"},{\"@type\":\"Person\",\"@id\":\"https:\/\/vivelloc.cat\/es\/#\/schema\/person\/ce3eb90b54f77ed9f35e063fff2b7c0c\",\"name\":\"Viver Bell-lloc\",\"image\":{\"@type\":\"ImageObject\",\"inLanguage\":\"ca\",\"@id\":\"https:\/\/vivelloc.cat\/es\/#\/schema\/person\/image\/\",\"url\":\"https:\/\/secure.gravatar.com\/avatar\/19009bed103b781614b1e0a346b21476?s=96&d=mm&r=g\",\"contentUrl\":\"https:\/\/secure.gravatar.com\/avatar\/19009bed103b781614b1e0a346b21476?s=96&d=mm&r=g\",\"caption\":\"Viver Bell-lloc\"},\"url\":\"https:\/\/vivelloc.cat\/ca\/author\/vivelloc2019\/\"}]}<\/script>\n<!-- \/ Yoast SEO plugin. -->","yoast_head_json":{"title":"Voleu saber els resultats aconseguits pel nostre Servei d\u2019Inserci\u00f3 i Orientaci\u00f3 Laboral durant el programa 2017? Consulteu-los - Viver de Bell Lloc","robots":{"index":"index","follow":"follow","max-snippet":"max-snippet:-1","max-image-preview":"max-image-preview:large","max-video-preview":"max-video-preview:-1"},"canonical":"https:\/\/vivelloc.cat\/ca\/noticies\/voleu-saber-els-resultats-aconseguits-pel-nostre-servei-dinsercio-i-orientacio-laboral-durant-el-programa-2017-consulteu-los\/","og_locale":"ca_ES","og_type":"article","og_title":"Voleu saber els resultats aconseguits pel nostre Servei d\u2019Inserci\u00f3 i Orientaci\u00f3 Laboral durant el programa 2017? Consulteu-los - Viver de Bell Lloc","og_description":"El nostre Servei d\u2019Inserci\u00f3 i Orientaci\u00f3 Laboral es va iniciar el setembre de l\u2019any 2017 i durant el programa del mateix any es van atendre 14 persones, van participar 10, [&hellip;]","og_url":"https:\/\/vivelloc.cat\/ca\/noticies\/voleu-saber-els-resultats-aconseguits-pel-nostre-servei-dinsercio-i-orientacio-laboral-durant-el-programa-2017-consulteu-los\/","og_site_name":"Viver de Bell Lloc","article_published_time":"2018-09-12T08:00:22+00:00","og_image":[{"url":"https:\/\/www.creixemambtu.vivelloc.cat\/wp-content\/uploads\/2018\/09\/SIOAS-1024x683.jpg"}],"author":"Viver Bell-lloc","twitter_card":"summary_large_image","twitter_misc":{"Escrit per":"Viver Bell-lloc","Temps estimat de lectura":"1 minut"},"schema":{"@context":"https:\/\/schema.org","@graph":[{"@type":"WebPage","@id":"https:\/\/vivelloc.cat\/noticies\/voleu-saber-els-resultats-aconseguits-pel-nostre-servei-dinsercio-i-orientacio-laboral-durant-el-programa-2017-consulteu-los\/","url":"https:\/\/vivelloc.cat\/noticies\/voleu-saber-els-resultats-aconseguits-pel-nostre-servei-dinsercio-i-orientacio-laboral-durant-el-programa-2017-consulteu-los\/","name":"Voleu saber els resultats aconseguits pel nostre Servei d\u2019Inserci\u00f3 i Orientaci\u00f3 Laboral durant el programa 2017? Consulteu-los - Viver de Bell Lloc","isPartOf":{"@id":"https:\/\/vivelloc.cat\/es\/#website"},"primaryImageOfPage":{"@id":"https:\/\/vivelloc.cat\/noticies\/voleu-saber-els-resultats-aconseguits-pel-nostre-servei-dinsercio-i-orientacio-laboral-durant-el-programa-2017-consulteu-los\/#primaryimage"},"image":{"@id":"https:\/\/vivelloc.cat\/noticies\/voleu-saber-els-resultats-aconseguits-pel-nostre-servei-dinsercio-i-orientacio-laboral-durant-el-programa-2017-consulteu-los\/#primaryimage"},"thumbnailUrl":"https:\/\/www.creixemambtu.vivelloc.cat\/wp-content\/uploads\/2018\/09\/SIOAS-1024x683.jpg","datePublished":"2018-09-12T08:00:22+00:00","dateModified":"2018-09-12T08:00:22+00:00","author":{"@id":"https:\/\/vivelloc.cat\/es\/#\/schema\/person\/ce3eb90b54f77ed9f35e063fff2b7c0c"},"breadcrumb":{"@id":"https:\/\/vivelloc.cat\/noticies\/voleu-saber-els-resultats-aconseguits-pel-nostre-servei-dinsercio-i-orientacio-laboral-durant-el-programa-2017-consulteu-los\/#breadcrumb"},"inLanguage":"ca","potentialAction":[{"@type":"ReadAction","target":["https:\/\/vivelloc.cat\/noticies\/voleu-saber-els-resultats-aconseguits-pel-nostre-servei-dinsercio-i-orientacio-laboral-durant-el-programa-2017-consulteu-los\/"]}]},{"@type":"ImageObject","inLanguage":"ca","@id":"https:\/\/vivelloc.cat\/noticies\/voleu-saber-els-resultats-aconseguits-pel-nostre-servei-dinsercio-i-orientacio-laboral-durant-el-programa-2017-consulteu-los\/#primaryimage","url":"https:\/\/www.creixemambtu.vivelloc.cat\/wp-content\/uploads\/2018\/09\/SIOAS-1024x683.jpg","contentUrl":"https:\/\/www.creixemambtu.vivelloc.cat\/wp-content\/uploads\/2018\/09\/SIOAS-1024x683.jpg"},{"@type":"BreadcrumbList","@id":"https:\/\/vivelloc.cat\/noticies\/voleu-saber-els-resultats-aconseguits-pel-nostre-servei-dinsercio-i-orientacio-laboral-durant-el-programa-2017-consulteu-los\/#breadcrumb","itemListElement":[{"@type":"ListItem","position":1,"name":"Inici","item":"https:\/\/vivelloc.cat\/"},{"@type":"ListItem","position":2,"name":"Voleu saber els resultats aconseguits pel nostre Servei d\u2019Inserci\u00f3 i Orientaci\u00f3 Laboral durant el programa 2017? Consulteu-los"}]},{"@type":"WebSite","@id":"https:\/\/vivelloc.cat\/es\/#website","url":"https:\/\/vivelloc.cat\/es\/","name":"Viver de Bell Lloc","description":"Promovem el creixement personal de persones amb disCapacitat i TSM sever","potentialAction":[{"@type":"SearchAction","target":{"@type":"EntryPoint","urlTemplate":"https:\/\/vivelloc.cat\/es\/?s={search_term_string}"},"query-input":"required name=search_term_string"}],"inLanguage":"ca"},{"@type":"Person","@id":"https:\/\/vivelloc.cat\/es\/#\/schema\/person\/ce3eb90b54f77ed9f35e063fff2b7c0c","name":"Viver Bell-lloc","image":{"@type":"ImageObject","inLanguage":"ca","@id":"https:\/\/vivelloc.cat\/es\/#\/schema\/person\/image\/","url":"https:\/\/secure.gravatar.com\/avatar\/19009bed103b781614b1e0a346b21476?s=96&d=mm&r=g","contentUrl":"https:\/\/secure.gravatar.com\/avatar\/19009bed103b781614b1e0a346b21476?s=96&d=mm&r=g","caption":"Viver Bell-lloc"},"url":"https:\/\/vivelloc.cat\/ca\/author\/vivelloc2019\/"}]}},"_links":{"self":[{"href":"https:\/\/vivelloc.cat\/ca\/wp-json\/wp\/v2\/posts\/5223","targetHints":{"allow":["GET"]}}],"collection":[{"href":"https:\/\/vivelloc.cat\/ca\/wp-json\/wp\/v2\/posts"}],"about":[{"href":"https:\/\/vivelloc.cat\/ca\/wp-json\/wp\/v2\/types\/post"}],"author":[{"embeddable":true,"href":"https:\/\/vivelloc.cat\/ca\/wp-json\/wp\/v2\/users\/2"}],"replies":[{"embeddable":true,"href":"https:\/\/vivelloc.cat\/ca\/wp-json\/wp\/v2\/comments?post=5223"}],"version-history":[{"count":0,"href":"https:\/\/vivelloc.cat\/ca\/wp-json\/wp\/v2\/posts\/5223\/revisions"}],"wp:attachment":[{"href":"https:\/\/vivelloc.cat\/ca\/wp-json\/wp\/v2\/media?parent=5223"}],"wp:term":[{"taxonomy":"category","embeddable":true,"href":"https:\/\/vivelloc.cat\/ca\/wp-json\/wp\/v2\/categories?post=5223"},{"taxonomy":"post_tag","embeddable":true,"href":"https:\/\/vivelloc.cat\/ca\/wp-json\/wp\/v2\/tags?post=5223"}],"curies":[{"name":"wp","href":"https:\/\/api.w.org\/{rel}","templated":true}]}}