{"id":4601,"date":"2018-01-09T10:00:54","date_gmt":"2018-01-09T09:00:54","guid":{"rendered":"http:\/\/www.creixemambtu.vivelloc.cat\/?p=4601"},"modified":"2018-01-09T10:00:54","modified_gmt":"2018-01-09T09:00:54","slug":"hi-som-i-viver-de-bell-lloc-tenen-un-objectiu-comu-la-integracio-sociolaboral-de-les-persones-amb-discapacitat-intellectual-josep-teixido-president-dhi-som-i-responsable-de-lempresa-deconomi","status":"publish","type":"post","link":"https:\/\/vivelloc.cat\/ca\/noticies\/hi-som-i-viver-de-bell-lloc-tenen-un-objectiu-comu-la-integracio-sociolaboral-de-les-persones-amb-discapacitat-intellectual-josep-teixido-president-dhi-som-i-responsable-de-lempresa-deconomi\/","title":{"rendered":"Hi Som i Viver de Bell-lloc tenen un objectiu com\u00fa: la integraci\u00f3 sociolaboral de les persones amb disCapacitat intel\u00b7lectual &#8211; Josep Teixid\u00f3, President d&#8217;Hi Som i Responsable de l&#8217;empresa d&#8217;economia social X\u00f3cala"},"content":{"rendered":"<p><img loading=\"lazy\" decoding=\"async\" class=\"aligncenter size-full wp-image-4602\" src=\"http:\/\/www.creixemambtu.vivelloc.cat\/wp-content\/uploads\/2018\/01\/Hi-Som-i-X\u00f3cala.jpg\" alt=\"\" width=\"800\" height=\"800\" \/><\/p>\n<p>&nbsp;<\/p>\n<p style=\"text-align: justify;\">Hi Som \u00e9s una entitat sense \u00e0nim de lucre, que va n\u00e9ixer a l&#8217;any 2014 a Cardedeu amb la intenci\u00f3 de normalitzar la situaci\u00f3 de les persones amb discapacitat intel\u00b7lectual i les que es troben en risc d&#8217;exclusi\u00f3 social. X\u00f3cala \u00e9s l&#8217;empresa amb car\u00e0cter social que neix de l&#8217;associaci\u00f3 i que produeix tot tipus de bombons, torrons, mones, rajoles i crema de xocolata.<\/p>\n<p style=\"text-align: justify;\">L&#8217;entitat col\u00b7labora amb el Grup Viver de Bell-lloc des dels seus inicis, ja que ambdues tenen la mateixa missi\u00f3.<\/p>\n<p style=\"text-align: justify;\">En Josep Teixid\u00f3, que \u00e9s el President d&#8217;Hi Som i tamb\u00e9 \u00e9s el Responsable de l&#8217;empresa d&#8217;economia social X\u00f3cala, ens ha concedit una entrevista per explicar-nos en qu\u00e8 consisteix la col\u00b7laboraci\u00f3 amb la nostra entitat i la tasca que desenvolupen.<\/p>\n<ol>\n<li style=\"text-align: justify;\"><strong>Com ens vau con\u00e8ixer?<\/strong> Al ser de Cardedeu ja coneix\u00edem el Viver de Bell-lloc i quan vam iniciar l&#8217;activitat de la nostra entitat vam decidir fer xarxa i oferir una altra opci\u00f3 de lleure per als vostres treballadors. Els tallers de bombons que realitzem, aix\u00ed com la resta d&#8217;iniciatives que duem a terme, tenen la finalitat de normalitzar la situaci\u00f3 de les persones amb discapacitat, fent que es relacionin amb les persones que no tenen.<\/li>\n<li style=\"text-align: justify;\"><strong>Quant fa que col\u00b7laboreu amb nosaltres i per qu\u00e8 vau decidir fer-ho?<\/strong> Col\u00b7laborem amb vosaltres des del Nadal del 2014 i vam decidir fer-ho perqu\u00e8 el Viver \u00e9s una entitat referent al Vall\u00e8s Oriental i a la prov\u00edncia de Barcelona. Tamb\u00e9 ens vau donar l&#8217;opci\u00f3 de provar, per saber: com funcionava aquest tipus d&#8217;entitat, si aquesta feina tenia recorregut i si havia gent que volgu\u00e9s participar.<\/li>\n<li style=\"text-align: justify;\"><strong>En quines de les nostres accions col\u00b7laboreu?<\/strong> Formem part del vostre Servei de Lleure, ja que organitzem tallers de bombons cada 15 dies, en els que assisteixen els vostres usuaris, la mitjana de persones que venen del Viver s\u00f3n 8. Tamb\u00e9 participen altres entitats, com Apadis, Afadis, Apindep i Ordi Natura. En total, venen 50 persones de les diferents entitats quinzenalment. Un altre servei en el que participem \u00e9s en el vostre Parc d&#8217;Activitats Agroecol\u00f2giques, anem a les fires i accions que realitzeu per a les empreses, sempre que hi ha possibilitat\u00a0 de vendre els productes que fem als tallers anem amb vosaltres. Per \u00faltim, tamb\u00e9 col\u00b7laborem en el vostre Servei d&#8217;Inserci\u00f3 i Orientaci\u00f3 Laboral, aquest Nadal hem fet la primera incorporaci\u00f3 d&#8217;una persona del Viver i esperem que en un futur puguem ampliar la plantilla, que \u00e9s l&#8217;objectiu de l&#8217;entitat, la inclusi\u00f3 sociolaboral.<\/li>\n<li style=\"text-align: justify;\"><strong>Quina opini\u00f3 tens de la nostra entitat i del nostre personal?<\/strong> En general, la meva opini\u00f3 sobre la vostra entitat i sobre el vostre personal \u00e9s molt bona, la gent que treballa amb vosaltres \u00e9s molt maca, des del Director General fins a la resta de treballadors. Penso que la vostra tasca l&#8217;hauria de con\u00e8ixer tothom, aix\u00ed com el vostre projecte i el vostre personal. Teniu a un gran nombre de persones treballant i els vostres serveis i productes s\u00f3n molt bons. Considero que l&#8217;ambient de treball que teniu \u00e9s molt bo.<\/li>\n<li style=\"text-align: justify;\"><strong>Qu\u00e8 poden oferir a les persones les diferents accions que organitzeu?<\/strong> La idea \u00e9s sensibilitzar i donar a con\u00e8ixer la discapacitat per aconseguir normalitzar la vida d&#8217;aquest col\u00b7lectiu en la societat, que tothom les tingui en compte. Tamb\u00e9 volem que les persones amb discapacitat puguin participar en altres empreses, fora de les entitats socials, perqu\u00e8 volem treballar la inclusi\u00f3 creant empatia.<\/li>\n<li style=\"text-align: justify;\"><strong>Creus que les persones que participen cont\u00ednuament en les vostres activitats evolucionen d&#8217;alguna manera?<\/strong> S\u00ed que evolucionen. Respecte a les persones amb discapacitat, molts dels educadors han comentat que alguns d&#8217;ells aqu\u00ed s\u00ed que es concentren i no ho fan al seu lloc de treball, desenvolupen una feina d&#8217;aprenentatge i veus com avancen. Sobre la gent sense discapacitat, gaudeixen al con\u00e8ixer el projecte i a aquest col\u00b7lectiu, ja que habitualment s\u00f3n persones que transmeten molta alegria i \u00e9s enriquidor.<\/li>\n<\/ol>\n<p>En la primera i \u00faltima imatge podem veure al Josep preparant un enc\u00e0rrec per al <a href=\"http:\/\/www.restaurantcapicua.cat\/\">Restaurant Capicua<\/a>, de Cerdanyola del Vall\u00e8s. A la segona imatge apareix un assortiment de bombons de X\u00f3cala i a la tercera, el recull de 16 contes per adults, &#8220;Tu i jo&#8221;, escrits per la N\u00faria Noguera, una de les fundadores d&#8217;Hi Som.<\/p>\n","protected":false},"excerpt":{"rendered":"<p>&nbsp; Hi Som \u00e9s una entitat sense \u00e0nim de lucre, que va n\u00e9ixer a l&#8217;any 2014 a Cardedeu amb la intenci\u00f3 de normalitzar la situaci\u00f3 de les persones amb discapacitat [&hellip;]<\/p>\n","protected":false},"author":2,"featured_media":0,"comment_status":"open","ping_status":"open","sticky":false,"template":"","format":"standard","meta":{"_acf_changed":false,"footnotes":""},"categories":[1],"tags":[],"class_list":["post-4601","post","type-post","status-publish","format-standard","hentry","category-noticies"],"acf":[],"yoast_head":"<!-- This site is optimized with the Yoast SEO plugin v23.0 - https:\/\/yoast.com\/wordpress\/plugins\/seo\/ -->\n<title>Hi Som i Viver de Bell-lloc tenen un objectiu com\u00fa: la integraci\u00f3 sociolaboral de les persones amb disCapacitat intel\u00b7lectual - Josep Teixid\u00f3, President d&#039;Hi Som i Responsable de l&#039;empresa d&#039;economia social X\u00f3cala - Viver de Bell Lloc<\/title>\n<meta name=\"robots\" content=\"index, follow, max-snippet:-1, max-image-preview:large, max-video-preview:-1\" \/>\n<link rel=\"canonical\" href=\"https:\/\/vivelloc.cat\/ca\/noticies\/hi-som-i-viver-de-bell-lloc-tenen-un-objectiu-comu-la-integracio-sociolaboral-de-les-persones-amb-discapacitat-intellectual-josep-teixido-president-dhi-som-i-responsable-de-lempresa-deconomi\/\" \/>\n<meta property=\"og:locale\" content=\"ca_ES\" \/>\n<meta property=\"og:type\" content=\"article\" \/>\n<meta property=\"og:title\" content=\"Hi Som i Viver de Bell-lloc tenen un objectiu com\u00fa: la integraci\u00f3 sociolaboral de les persones amb disCapacitat intel\u00b7lectual - Josep Teixid\u00f3, President d&#039;Hi Som i Responsable de l&#039;empresa d&#039;economia social X\u00f3cala - Viver de Bell Lloc\" \/>\n<meta property=\"og:description\" content=\"&nbsp; Hi Som \u00e9s una entitat sense \u00e0nim de lucre, que va n\u00e9ixer a l&#8217;any 2014 a Cardedeu amb la intenci\u00f3 de normalitzar la situaci\u00f3 de les persones amb discapacitat [&hellip;]\" \/>\n<meta property=\"og:url\" content=\"https:\/\/vivelloc.cat\/ca\/noticies\/hi-som-i-viver-de-bell-lloc-tenen-un-objectiu-comu-la-integracio-sociolaboral-de-les-persones-amb-discapacitat-intellectual-josep-teixido-president-dhi-som-i-responsable-de-lempresa-deconomi\/\" \/>\n<meta property=\"og:site_name\" content=\"Viver de Bell Lloc\" \/>\n<meta property=\"article:published_time\" content=\"2018-01-09T09:00:54+00:00\" \/>\n<meta name=\"author\" content=\"Viver Bell-lloc\" \/>\n<meta name=\"twitter:card\" content=\"summary_large_image\" \/>\n<meta name=\"twitter:label1\" content=\"Escrit per\" \/>\n\t<meta name=\"twitter:data1\" content=\"Viver Bell-lloc\" \/>\n\t<meta name=\"twitter:label2\" content=\"Temps estimat de lectura\" \/>\n\t<meta name=\"twitter:data2\" content=\"4 minuts\" \/>\n<script type=\"application\/ld+json\" class=\"yoast-schema-graph\">{\"@context\":\"https:\/\/schema.org\",\"@graph\":[{\"@type\":\"WebPage\",\"@id\":\"https:\/\/vivelloc.cat\/noticies\/hi-som-i-viver-de-bell-lloc-tenen-un-objectiu-comu-la-integracio-sociolaboral-de-les-persones-amb-discapacitat-intellectual-josep-teixido-president-dhi-som-i-responsable-de-lempresa-deconomi\/\",\"url\":\"https:\/\/vivelloc.cat\/noticies\/hi-som-i-viver-de-bell-lloc-tenen-un-objectiu-comu-la-integracio-sociolaboral-de-les-persones-amb-discapacitat-intellectual-josep-teixido-president-dhi-som-i-responsable-de-lempresa-deconomi\/\",\"name\":\"Hi Som i Viver de Bell-lloc tenen un objectiu com\u00fa: la integraci\u00f3 sociolaboral de les persones amb disCapacitat intel\u00b7lectual - Josep Teixid\u00f3, President d'Hi Som i Responsable de l'empresa d'economia social X\u00f3cala - Viver de Bell Lloc\",\"isPartOf\":{\"@id\":\"https:\/\/vivelloc.cat\/es\/#website\"},\"datePublished\":\"2018-01-09T09:00:54+00:00\",\"dateModified\":\"2018-01-09T09:00:54+00:00\",\"author\":{\"@id\":\"https:\/\/vivelloc.cat\/es\/#\/schema\/person\/ce3eb90b54f77ed9f35e063fff2b7c0c\"},\"breadcrumb\":{\"@id\":\"https:\/\/vivelloc.cat\/noticies\/hi-som-i-viver-de-bell-lloc-tenen-un-objectiu-comu-la-integracio-sociolaboral-de-les-persones-amb-discapacitat-intellectual-josep-teixido-president-dhi-som-i-responsable-de-lempresa-deconomi\/#breadcrumb\"},\"inLanguage\":\"ca\",\"potentialAction\":[{\"@type\":\"ReadAction\",\"target\":[\"https:\/\/vivelloc.cat\/noticies\/hi-som-i-viver-de-bell-lloc-tenen-un-objectiu-comu-la-integracio-sociolaboral-de-les-persones-amb-discapacitat-intellectual-josep-teixido-president-dhi-som-i-responsable-de-lempresa-deconomi\/\"]}]},{\"@type\":\"BreadcrumbList\",\"@id\":\"https:\/\/vivelloc.cat\/noticies\/hi-som-i-viver-de-bell-lloc-tenen-un-objectiu-comu-la-integracio-sociolaboral-de-les-persones-amb-discapacitat-intellectual-josep-teixido-president-dhi-som-i-responsable-de-lempresa-deconomi\/#breadcrumb\",\"itemListElement\":[{\"@type\":\"ListItem\",\"position\":1,\"name\":\"Inici\",\"item\":\"https:\/\/vivelloc.cat\/\"},{\"@type\":\"ListItem\",\"position\":2,\"name\":\"Hi Som i Viver de Bell-lloc tenen un objectiu com\u00fa: la integraci\u00f3 sociolaboral de les persones amb disCapacitat intel\u00b7lectual &#8211; Josep Teixid\u00f3, President d&#8217;Hi Som i Responsable de l&#8217;empresa d&#8217;economia social X\u00f3cala\"}]},{\"@type\":\"WebSite\",\"@id\":\"https:\/\/vivelloc.cat\/es\/#website\",\"url\":\"https:\/\/vivelloc.cat\/es\/\",\"name\":\"Viver de Bell Lloc\",\"description\":\"Promovem el creixement personal de persones amb disCapacitat i TSM sever\",\"potentialAction\":[{\"@type\":\"SearchAction\",\"target\":{\"@type\":\"EntryPoint\",\"urlTemplate\":\"https:\/\/vivelloc.cat\/es\/?s={search_term_string}\"},\"query-input\":\"required name=search_term_string\"}],\"inLanguage\":\"ca\"},{\"@type\":\"Person\",\"@id\":\"https:\/\/vivelloc.cat\/es\/#\/schema\/person\/ce3eb90b54f77ed9f35e063fff2b7c0c\",\"name\":\"Viver Bell-lloc\",\"image\":{\"@type\":\"ImageObject\",\"inLanguage\":\"ca\",\"@id\":\"https:\/\/vivelloc.cat\/es\/#\/schema\/person\/image\/\",\"url\":\"https:\/\/secure.gravatar.com\/avatar\/19009bed103b781614b1e0a346b21476?s=96&d=mm&r=g\",\"contentUrl\":\"https:\/\/secure.gravatar.com\/avatar\/19009bed103b781614b1e0a346b21476?s=96&d=mm&r=g\",\"caption\":\"Viver Bell-lloc\"},\"url\":\"https:\/\/vivelloc.cat\/ca\/author\/vivelloc2019\/\"}]}<\/script>\n<!-- \/ Yoast SEO plugin. -->","yoast_head_json":{"title":"Hi Som i Viver de Bell-lloc tenen un objectiu com\u00fa: la integraci\u00f3 sociolaboral de les persones amb disCapacitat intel\u00b7lectual - Josep Teixid\u00f3, President d'Hi Som i Responsable de l'empresa d'economia social X\u00f3cala - Viver de Bell Lloc","robots":{"index":"index","follow":"follow","max-snippet":"max-snippet:-1","max-image-preview":"max-image-preview:large","max-video-preview":"max-video-preview:-1"},"canonical":"https:\/\/vivelloc.cat\/ca\/noticies\/hi-som-i-viver-de-bell-lloc-tenen-un-objectiu-comu-la-integracio-sociolaboral-de-les-persones-amb-discapacitat-intellectual-josep-teixido-president-dhi-som-i-responsable-de-lempresa-deconomi\/","og_locale":"ca_ES","og_type":"article","og_title":"Hi Som i Viver de Bell-lloc tenen un objectiu com\u00fa: la integraci\u00f3 sociolaboral de les persones amb disCapacitat intel\u00b7lectual - Josep Teixid\u00f3, President d'Hi Som i Responsable de l'empresa d'economia social X\u00f3cala - Viver de Bell Lloc","og_description":"&nbsp; Hi Som \u00e9s una entitat sense \u00e0nim de lucre, que va n\u00e9ixer a l&#8217;any 2014 a Cardedeu amb la intenci\u00f3 de normalitzar la situaci\u00f3 de les persones amb discapacitat [&hellip;]","og_url":"https:\/\/vivelloc.cat\/ca\/noticies\/hi-som-i-viver-de-bell-lloc-tenen-un-objectiu-comu-la-integracio-sociolaboral-de-les-persones-amb-discapacitat-intellectual-josep-teixido-president-dhi-som-i-responsable-de-lempresa-deconomi\/","og_site_name":"Viver de Bell Lloc","article_published_time":"2018-01-09T09:00:54+00:00","author":"Viver Bell-lloc","twitter_card":"summary_large_image","twitter_misc":{"Escrit per":"Viver Bell-lloc","Temps estimat de lectura":"4 minuts"},"schema":{"@context":"https:\/\/schema.org","@graph":[{"@type":"WebPage","@id":"https:\/\/vivelloc.cat\/noticies\/hi-som-i-viver-de-bell-lloc-tenen-un-objectiu-comu-la-integracio-sociolaboral-de-les-persones-amb-discapacitat-intellectual-josep-teixido-president-dhi-som-i-responsable-de-lempresa-deconomi\/","url":"https:\/\/vivelloc.cat\/noticies\/hi-som-i-viver-de-bell-lloc-tenen-un-objectiu-comu-la-integracio-sociolaboral-de-les-persones-amb-discapacitat-intellectual-josep-teixido-president-dhi-som-i-responsable-de-lempresa-deconomi\/","name":"Hi Som i Viver de Bell-lloc tenen un objectiu com\u00fa: la integraci\u00f3 sociolaboral de les persones amb disCapacitat intel\u00b7lectual - Josep Teixid\u00f3, President d'Hi Som i Responsable de l'empresa d'economia social X\u00f3cala - Viver de Bell Lloc","isPartOf":{"@id":"https:\/\/vivelloc.cat\/es\/#website"},"datePublished":"2018-01-09T09:00:54+00:00","dateModified":"2018-01-09T09:00:54+00:00","author":{"@id":"https:\/\/vivelloc.cat\/es\/#\/schema\/person\/ce3eb90b54f77ed9f35e063fff2b7c0c"},"breadcrumb":{"@id":"https:\/\/vivelloc.cat\/noticies\/hi-som-i-viver-de-bell-lloc-tenen-un-objectiu-comu-la-integracio-sociolaboral-de-les-persones-amb-discapacitat-intellectual-josep-teixido-president-dhi-som-i-responsable-de-lempresa-deconomi\/#breadcrumb"},"inLanguage":"ca","potentialAction":[{"@type":"ReadAction","target":["https:\/\/vivelloc.cat\/noticies\/hi-som-i-viver-de-bell-lloc-tenen-un-objectiu-comu-la-integracio-sociolaboral-de-les-persones-amb-discapacitat-intellectual-josep-teixido-president-dhi-som-i-responsable-de-lempresa-deconomi\/"]}]},{"@type":"BreadcrumbList","@id":"https:\/\/vivelloc.cat\/noticies\/hi-som-i-viver-de-bell-lloc-tenen-un-objectiu-comu-la-integracio-sociolaboral-de-les-persones-amb-discapacitat-intellectual-josep-teixido-president-dhi-som-i-responsable-de-lempresa-deconomi\/#breadcrumb","itemListElement":[{"@type":"ListItem","position":1,"name":"Inici","item":"https:\/\/vivelloc.cat\/"},{"@type":"ListItem","position":2,"name":"Hi Som i Viver de Bell-lloc tenen un objectiu com\u00fa: la integraci\u00f3 sociolaboral de les persones amb disCapacitat intel\u00b7lectual &#8211; Josep Teixid\u00f3, President d&#8217;Hi Som i Responsable de l&#8217;empresa d&#8217;economia social X\u00f3cala"}]},{"@type":"WebSite","@id":"https:\/\/vivelloc.cat\/es\/#website","url":"https:\/\/vivelloc.cat\/es\/","name":"Viver de Bell Lloc","description":"Promovem el creixement personal de persones amb disCapacitat i TSM sever","potentialAction":[{"@type":"SearchAction","target":{"@type":"EntryPoint","urlTemplate":"https:\/\/vivelloc.cat\/es\/?s={search_term_string}"},"query-input":"required name=search_term_string"}],"inLanguage":"ca"},{"@type":"Person","@id":"https:\/\/vivelloc.cat\/es\/#\/schema\/person\/ce3eb90b54f77ed9f35e063fff2b7c0c","name":"Viver Bell-lloc","image":{"@type":"ImageObject","inLanguage":"ca","@id":"https:\/\/vivelloc.cat\/es\/#\/schema\/person\/image\/","url":"https:\/\/secure.gravatar.com\/avatar\/19009bed103b781614b1e0a346b21476?s=96&d=mm&r=g","contentUrl":"https:\/\/secure.gravatar.com\/avatar\/19009bed103b781614b1e0a346b21476?s=96&d=mm&r=g","caption":"Viver Bell-lloc"},"url":"https:\/\/vivelloc.cat\/ca\/author\/vivelloc2019\/"}]}},"_links":{"self":[{"href":"https:\/\/vivelloc.cat\/ca\/wp-json\/wp\/v2\/posts\/4601","targetHints":{"allow":["GET"]}}],"collection":[{"href":"https:\/\/vivelloc.cat\/ca\/wp-json\/wp\/v2\/posts"}],"about":[{"href":"https:\/\/vivelloc.cat\/ca\/wp-json\/wp\/v2\/types\/post"}],"author":[{"embeddable":true,"href":"https:\/\/vivelloc.cat\/ca\/wp-json\/wp\/v2\/users\/2"}],"replies":[{"embeddable":true,"href":"https:\/\/vivelloc.cat\/ca\/wp-json\/wp\/v2\/comments?post=4601"}],"version-history":[{"count":0,"href":"https:\/\/vivelloc.cat\/ca\/wp-json\/wp\/v2\/posts\/4601\/revisions"}],"wp:attachment":[{"href":"https:\/\/vivelloc.cat\/ca\/wp-json\/wp\/v2\/media?parent=4601"}],"wp:term":[{"taxonomy":"category","embeddable":true,"href":"https:\/\/vivelloc.cat\/ca\/wp-json\/wp\/v2\/categories?post=4601"},{"taxonomy":"post_tag","embeddable":true,"href":"https:\/\/vivelloc.cat\/ca\/wp-json\/wp\/v2\/tags?post=4601"}],"curies":[{"name":"wp","href":"https:\/\/api.w.org\/{rel}","templated":true}]}}